{"id":2390,"date":"2020-08-19T11:27:09","date_gmt":"2020-08-19T11:27:09","guid":{"rendered":"https:\/\/taotechia.org\/?p=2390"},"modified":"2020-08-19T11:28:23","modified_gmt":"2020-08-19T11:28:23","slug":"ay-los-cabos-entrevista-a-el-gran-master-ruben-garcia-gaytan","status":"publish","type":"post","link":"https:\/\/taotechia.org\/index.php\/2020\/08\/19\/ay-los-cabos-entrevista-a-el-gran-master-ruben-garcia-gaytan\/","title":{"rendered":"Ay los Cabos! Entrevista a el Gran Master Rub\u00e9n Garc\u00eca Gayt\u00e1n"},"content":{"rendered":"\n<p>Te invitamos a ver y escuchar una edici\u00f3n m\u00e1s de \u201cDeportes y m\u00e1s&#8230; con Pich\u00fa y Omar\u201d, contando adem\u00e1s con la conducci\u00f3n de Benjam\u00edn &#8220;El Tortas&#8221; Villegas. <br>En donde compartiremos los temas:\u00a0<br>-Jornada 15 de la Liga MX<br>-Agenda de actividades deportivas.<br>En cabina nos acompa\u00f1an: Rub\u00e9n Garc\u00eda Gayt\u00e1n Fundador y Director General de la Asociaci\u00f3n Internacional de Artes Marciales Tao Te Chia y\u00a0Florentino &#8220;Tino&#8221; Rodr\u00edguez Shihan Kioshi Cinto Negro 7mo Dan en Karate.<\/p>\n\n\n\n<figure class=\"wp-block-embed-facebook wp-block-embed is-type-video is-provider-facebook\"><div class=\"wp-block-embed__wrapper\">\nhttps:\/\/www.facebook.com\/293059191410418\/videos\/1326529494178001\/\n<\/div><\/figure>\n","protected":false},"excerpt":{"rendered":"<p>Te invitamos a ver y escuchar una edici\u00f3n m\u00e1s de \u201cDeportes y m\u00e1s&#8230; con Pich\u00fa y Omar\u201d, contando adem\u00e1s con la conducci\u00f3n de Benjam\u00edn &#8220;El Tortas&#8221; Villegas. En donde compartiremos [&hellip;]<\/p>\n","protected":false},"author":3,"featured_media":1298,"comment_status":"open","ping_status":"open","sticky":false,"template":"","format":"standard","meta":{"footnotes":""},"categories":[47],"tags":[57,59,38],"class_list":["post-2390","post","type-post","status-publish","format-standard","has-post-thumbnail","hentry","category-actualidad","tag-capoeira","tag-entrevista","tag-tao-te-chia"],"yoast_head":"<!-- This site is optimized with the Yoast SEO plugin v15.3 - https:\/\/yoast.com\/wordpress\/plugins\/seo\/ -->\n<title>Ay los Cabos! Entrevista a el Gran Master Rub\u00e9n Garc\u00eca Gayt\u00e1n - Team 2<\/title>\n<meta name=\"robots\" content=\"index, follow, max-snippet:-1, max-image-preview:large, max-video-preview:-1\" \/>\n<link rel=\"canonical\" href=\"https:\/\/taotechia.org\/index.php\/2020\/08\/19\/ay-los-cabos-entrevista-a-el-gran-master-ruben-garcia-gaytan\/\" \/>\n<meta property=\"og:locale\" content=\"en_US\" \/>\n<meta property=\"og:type\" content=\"article\" \/>\n<meta property=\"og:title\" content=\"Ay los Cabos! Entrevista a el Gran Master Rub\u00e9n Garc\u00eca Gayt\u00e1n - Team 2\" \/>\n<meta property=\"og:description\" content=\"Te invitamos a ver y escuchar una edici\u00f3n m\u00e1s de \u201cDeportes y m\u00e1s&#8230; con Pich\u00fa y Omar\u201d, contando adem\u00e1s con la conducci\u00f3n de Benjam\u00edn &#8220;El Tortas&#8221; Villegas. En donde compartiremos [&hellip;]\" \/>\n<meta property=\"og:url\" content=\"https:\/\/taotechia.org\/index.php\/2020\/08\/19\/ay-los-cabos-entrevista-a-el-gran-master-ruben-garcia-gaytan\/\" \/>\n<meta property=\"og:site_name\" content=\"Team 2\" \/>\n<meta property=\"article:published_time\" content=\"2020-08-19T11:27:09+00:00\" \/>\n<meta property=\"article:modified_time\" content=\"2020-08-19T11:28:23+00:00\" \/>\n<meta property=\"og:image\" content=\"https:\/\/taotechia.org\/wp-content\/uploads\/2020\/03\/cropped-aikido-1.jpg\" \/>\n\t<meta property=\"og:image:width\" content=\"720\" \/>\n\t<meta property=\"og:image:height\" content=\"459\" \/>\n<meta name=\"twitter:card\" content=\"summary_large_image\" \/>\n<meta name=\"twitter:label1\" content=\"Written by\">\n\t<meta name=\"twitter:data1\" content=\"Christopher\">\n\t<meta name=\"twitter:label2\" content=\"Est. reading time\">\n\t<meta name=\"twitter:data2\" content=\"0 minutes\">\n<script type=\"application\/ld+json\" class=\"yoast-schema-graph\">{\"@context\":\"https:\/\/schema.org\",\"@graph\":[{\"@type\":\"WebSite\",\"@id\":\"https:\/\/taotechia.org\/#website\",\"url\":\"https:\/\/taotechia.org\/\",\"name\":\"Team 2\",\"description\":\"team-2\",\"potentialAction\":[{\"@type\":\"SearchAction\",\"target\":\"https:\/\/taotechia.org\/?s={search_term_string}\",\"query-input\":\"required name=search_term_string\"}],\"inLanguage\":\"en-US\"},{\"@type\":\"ImageObject\",\"@id\":\"https:\/\/taotechia.org\/index.php\/2020\/08\/19\/ay-los-cabos-entrevista-a-el-gran-master-ruben-garcia-gaytan\/#primaryimage\",\"inLanguage\":\"en-US\",\"url\":\"https:\/\/taotechia.org\/wp-content\/uploads\/2020\/03\/cropped-aikido-1.jpg\",\"width\":720,\"height\":459},{\"@type\":\"WebPage\",\"@id\":\"https:\/\/taotechia.org\/index.php\/2020\/08\/19\/ay-los-cabos-entrevista-a-el-gran-master-ruben-garcia-gaytan\/#webpage\",\"url\":\"https:\/\/taotechia.org\/index.php\/2020\/08\/19\/ay-los-cabos-entrevista-a-el-gran-master-ruben-garcia-gaytan\/\",\"name\":\"Ay los Cabos! Entrevista a el Gran Master Rub\\u00e9n Garc\\u00eca Gayt\\u00e1n - Team 2\",\"isPartOf\":{\"@id\":\"https:\/\/taotechia.org\/#website\"},\"primaryImageOfPage\":{\"@id\":\"https:\/\/taotechia.org\/index.php\/2020\/08\/19\/ay-los-cabos-entrevista-a-el-gran-master-ruben-garcia-gaytan\/#primaryimage\"},\"datePublished\":\"2020-08-19T11:27:09+00:00\",\"dateModified\":\"2020-08-19T11:28:23+00:00\",\"author\":{\"@id\":\"https:\/\/taotechia.org\/#\/schema\/person\/0d42c79c617a3257fe53aca375caed14\"},\"breadcrumb\":{\"@id\":\"https:\/\/taotechia.org\/index.php\/2020\/08\/19\/ay-los-cabos-entrevista-a-el-gran-master-ruben-garcia-gaytan\/#breadcrumb\"},\"inLanguage\":\"en-US\",\"potentialAction\":[{\"@type\":\"ReadAction\",\"target\":[\"https:\/\/taotechia.org\/index.php\/2020\/08\/19\/ay-los-cabos-entrevista-a-el-gran-master-ruben-garcia-gaytan\/\"]}]},{\"@type\":\"BreadcrumbList\",\"@id\":\"https:\/\/taotechia.org\/index.php\/2020\/08\/19\/ay-los-cabos-entrevista-a-el-gran-master-ruben-garcia-gaytan\/#breadcrumb\",\"itemListElement\":[{\"@type\":\"ListItem\",\"position\":1,\"item\":{\"@type\":\"WebPage\",\"@id\":\"https:\/\/taotechia.org\/\",\"url\":\"https:\/\/taotechia.org\/\",\"name\":\"navigation\"}},{\"@type\":\"ListItem\",\"position\":2,\"item\":{\"@type\":\"WebPage\",\"@id\":\"https:\/\/taotechia.org\/index.php\/category\/actualidad\/\",\"url\":\"https:\/\/taotechia.org\/index.php\/category\/actualidad\/\",\"name\":\"Actualidad\"}},{\"@type\":\"ListItem\",\"position\":3,\"item\":{\"@type\":\"WebPage\",\"@id\":\"https:\/\/taotechia.org\/index.php\/2020\/08\/19\/ay-los-cabos-entrevista-a-el-gran-master-ruben-garcia-gaytan\/\",\"url\":\"https:\/\/taotechia.org\/index.php\/2020\/08\/19\/ay-los-cabos-entrevista-a-el-gran-master-ruben-garcia-gaytan\/\",\"name\":\"Ay los Cabos! Entrevista a el Gran Master Rub\\u00e9n Garc\\u00eca Gayt\\u00e1n\"}}]},{\"@type\":\"Person\",\"@id\":\"https:\/\/taotechia.org\/#\/schema\/person\/0d42c79c617a3257fe53aca375caed14\",\"name\":\"Christopher\"}]}<\/script>\n<!-- \/ Yoast SEO plugin. -->","_links":{"self":[{"href":"https:\/\/taotechia.org\/index.php\/wp-json\/wp\/v2\/posts\/2390","targetHints":{"allow":["GET"]}}],"collection":[{"href":"https:\/\/taotechia.org\/index.php\/wp-json\/wp\/v2\/posts"}],"about":[{"href":"https:\/\/taotechia.org\/index.php\/wp-json\/wp\/v2\/types\/post"}],"author":[{"embeddable":true,"href":"https:\/\/taotechia.org\/index.php\/wp-json\/wp\/v2\/users\/3"}],"replies":[{"embeddable":true,"href":"https:\/\/taotechia.org\/index.php\/wp-json\/wp\/v2\/comments?post=2390"}],"version-history":[{"count":1,"href":"https:\/\/taotechia.org\/index.php\/wp-json\/wp\/v2\/posts\/2390\/revisions"}],"predecessor-version":[{"id":2391,"href":"https:\/\/taotechia.org\/index.php\/wp-json\/wp\/v2\/posts\/2390\/revisions\/2391"}],"wp:featuredmedia":[{"embeddable":true,"href":"https:\/\/taotechia.org\/index.php\/wp-json\/wp\/v2\/media\/1298"}],"wp:attachment":[{"href":"https:\/\/taotechia.org\/index.php\/wp-json\/wp\/v2\/media?parent=2390"}],"wp:term":[{"taxonomy":"category","embeddable":true,"href":"https:\/\/taotechia.org\/index.php\/wp-json\/wp\/v2\/categories?post=2390"},{"taxonomy":"post_tag","embeddable":true,"href":"https:\/\/taotechia.org\/index.php\/wp-json\/wp\/v2\/tags?post=2390"}],"curies":[{"name":"wp","href":"https:\/\/api.w.org\/{rel}","templated":true}]}}